{"id":26473,"date":"2023-08-17T16:16:17","date_gmt":"2023-08-17T14:16:17","guid":{"rendered":"https:\/\/swiss-watch-passport.ch\/carl-f-bucherer-heritage-chronometer-celebration\/"},"modified":"2023-08-18T00:11:15","modified_gmt":"2023-08-17T22:11:15","slug":"carl-f-bucherer-heritage-chronometer-celebration","status":"publish","type":"post","link":"https:\/\/swiss-watch-passport.ch\/en\/carl-f-bucherer-heritage-chronometer-celebration\/","title":{"rendered":"Carl F. Bucherer: &#8220;Heritage Chronometer Celebration&#8221;"},"content":{"rendered":"<section class=\"l-section wpb_row height_small\"><div class=\"l-section-h i-cf\"><div class=\"g-cols vc_row via_flex valign_top type_default stacking_default\"><div class=\"vc_col-sm-12 wpb_column vc_column_container\"><div class=\"vc_column-inner\"><div class=\"wpb_wrapper\"><div class=\"wpb_text_column\"><div class=\"wpb_wrapper\"><p><strong>Progressive spirit: presenting the heritage chronometer celebration, a revival of a retro-futuristic watch that helped catapult<a href=\"https:\/\/www.carl-f-bucherer.com\/fr\" target=\"_blank\" rel=\"noopener\"> Carl F. Bucherer<\/a> into the modern age&#8230;<\/strong><\/p>\n<p><em>Une s\u00e9lection de Shaniah Asha Gibson \/ @TRP, Public Relations Cabinet<br \/>\n<a href=\"https:\/\/www.instagram.com\/trpublicrelations\/\">Insta<\/a>\u00a0|\u00a0<a href=\"https:\/\/www.linkedin.com\/company\/trp-public-relations\/\">Linkedin<\/a>\u00a0|\u00a0<a href=\"https:\/\/www.facebook.com\/TheRightPlace.ch\/\">Facebook<\/a>\u00a0|\u00a0<a href=\"https:\/\/www.instagram.com\/jshmagazine1876\/\">Insta JSH<\/a>\u00a0|\u00a0<a href=\"https:\/\/www.instagram.com\/swisswatchpassport\/\">Insta SWP<\/a>\u00a0|\u00a0<a href=\"https:\/\/www.jsh-journal-suisse-horlogerie.org\/443209045\/category\/1341413\/abos-pubs\">S\u2019abonner \u00e0 JSH<\/a><\/em><\/p>\n<\/div><\/div><div class=\"w-image align_none\"><div class=\"w-image-h\"><img decoding=\"async\" width=\"1320\" height=\"880\" src=\"https:\/\/swiss-watch-passport.ch\/wp-content\/uploads\/2023\/08\/HeritageChronometerCionMood-Vintage-scaled.jpg\" class=\"attachment-full size-full\" alt=\"\" loading=\"lazy\" srcset=\"https:\/\/swiss-watch-passport.ch\/wp-content\/uploads\/2023\/08\/HeritageChronometerCionMood-Vintage-scaled.jpg 1320w, https:\/\/swiss-watch-passport.ch\/wp-content\/uploads\/2023\/08\/HeritageChronometerCionMood-Vintage-300x200.jpg 300w, https:\/\/swiss-watch-passport.ch\/wp-content\/uploads\/2023\/08\/HeritageChronometerCionMood-Vintage-600x400.jpg 600w\" sizes=\"auto, (max-width: 1320px) 100vw, 1320px\" \/><\/div><\/div><\/div><\/div><\/div><\/div><\/div><\/section><section class=\"l-section wpb_row height_small\"><div class=\"l-section-h i-cf\"><div class=\"g-cols vc_row via_flex valign_top type_default stacking_default\"><div class=\"vc_col-sm-12 wpb_column vc_column_container\"><div class=\"vc_column-inner\"><div class=\"wpb_wrapper\"><div class=\"wpb_text_column\"><div class=\"wpb_wrapper\"><p>The 1960s represented a modern awakening\u2013a revolution in fashion, technology, and culture. For Carl F. Bucherer, the decade was also a turning point: always global in outlook, the watch manufacturer was rapidly expanding internationally and introduced a progressive new aesthetic. For 2023, CFB is unveiling a contemporary, limited-edition revival of a timepiece that exemplified its approach to design in that pivotal era. Updated for modern tastes, the Heritage Chronometer Celebration is elegantly understated yet effortlessly stylish\u2013ideal for life\u2019s special occasions.<\/p>\n<\/div><\/div><\/div><\/div><\/div><\/div><\/div><\/section><section class=\"l-section wpb_row height_small\"><div class=\"l-section-h i-cf\"><div class=\"g-cols vc_row via_flex valign_top type_default stacking_default\"><div class=\"vc_col-sm-12 wpb_column vc_column_container\"><div class=\"vc_column-inner\"><div class=\"wpb_wrapper\"><div class=\"wpb_text_column\"><div class=\"wpb_wrapper\"><p>The connections between the Heritage Chronometer Celebration lineup and its 1960s precursor are obvious. The simple, almost utilitarian aesthetic is deliberately restrained\u2013a tribute to a watch that deliberately eschewed frills and excesses. The mesh bracelet and the squared-off facets of its hands and index marks are characteristically pragmatic and purposeful. The clear contrast of the hands against the dial is deliberately practical: this is a pure celebration of its precision as a COSC-certified chronometer\u2013no complications necessary.<\/p>\n<\/div><\/div><\/div><\/div><\/div><\/div><\/div><\/section><section class=\"l-section wpb_row height_small\"><div class=\"l-section-h i-cf\"><div class=\"g-cols vc_row via_flex valign_top type_default stacking_default\"><div class=\"vc_col-sm-12 wpb_column vc_column_container\"><div class=\"vc_column-inner\"><div class=\"wpb_wrapper\"><div class=\"wpb_text_column\"><div class=\"wpb_wrapper\"><p><strong>Utilitarian chic<\/strong><\/p>\n<p>Yet, while retro-futuristic in origin, the Heritage Chronometer Celebration feels fresh. The design is \u201ccleaner,\u201d and the profile of the watch and the crystal compliment each other. The yellow gold so popular in the 1960s makes way for more on-trend colors and materials, with 18 K rose gold or stainless steel cases and bracelets. Smaller components give the bracelets a more fluid-like, less chunky appearance.<\/p>\n<p>While its overall appearance is one of unadorned simplicity, the Heritage Chronometer Celebration\u2019s innate elegance is designed for special occasions. It is an essential accessory for those meaningful moments in life that demand the perfect finishing touch for elegant, glamorous, and stylish outfits\u2013from milestone birthdays to weddings, cocktail parties, and walking the red carpet.<\/p>\n<\/div><\/div><div class=\"wpb_text_column\"><div class=\"wpb_wrapper\"><p>Despite its modest aesthetic, a closer inspection reveals finesse and pure craftsmanship: hands and index marks with beveled edges that lend them a subtle three-dimensional appearance; the second hand tipped with a bright red arrow, just like in the original; the galvanized silver, black lacquered, or brown gradient lacquered dials create gently shimmering reflections; the unequivocal words \u201cOfficially Certified Chronometer\u201d proudly communicating its accuracy.<\/p>\n<\/div><\/div><\/div><\/div><\/div><\/div><\/div><\/section><section class=\"l-section wpb_row height_small\"><div class=\"l-section-h i-cf\"><div class=\"g-cols vc_row via_flex valign_top type_default stacking_default\"><div class=\"vc_col-sm-12 wpb_column vc_column_container\"><div class=\"vc_column-inner\"><div class=\"wpb_wrapper\"><div class=\"wpb_text_column\"><div class=\"wpb_wrapper\"><p><strong>Subtle details, hidden heritage<\/strong><\/p>\n<p>Finally, an extra detail known only to the wearer: a case back signaling CFB\u2019s heritage with a 1960s era embossed family crest featuring a swan, symbolizing Carl F. Bucherer\u2019s hometown of Lucerne; a beech tree, representing the Bucherer family; and the date of the manufacturer\u2019s foundation in 1888.<\/p>\n<p>With the 18 K rose gold variants, with either brown or silver dials, limited to just 88 pieces each, and the stainless steel versions, with either black or silver dials, limited to just 188 pieces each, these stylish watches have been specially created to help mark CFB\u2019s 135th anniversary year.<\/p>\n<\/div><\/div><div class=\"wpb_text_column\"><div class=\"wpb_wrapper\"><p>In recognizing the broad significance of the 1960s, the reborn Heritage Chronometer Celebration connects the brand to the past while expressing the promise of the future, articulating the brand\u2019s pioneering spirit established by CFB\u2019s founder, Carl Friedrich Bucherer, and evolved by each of his successors.<\/p>\n<\/div><\/div><\/div><\/div><\/div><\/div><\/div><\/section><section class=\"l-section wpb_row height_small\"><div class=\"l-section-h i-cf\"><div class=\"g-cols vc_row via_flex valign_top type_default stacking_default\"><div class=\"vc_col-sm-12 wpb_column vc_column_container\"><div class=\"vc_column-inner\"><div class=\"wpb_wrapper\"><div class=\"w-slider style_none fit_scaledown nav_dots count_4\"><div class=\"w-slider-h\" aria-hidden=\"true\"><div class=\"royalSlider\"><div class=\"rsContent\"><a class=\"rsImg\" data-rsw=\"869\" data-rsh=\"1320\" href=\"https:\/\/swiss-watch-passport.ch\/wp-content\/uploads\/2023\/08\/Heritage-Chronometern-0010804031321-scaled.jpg\"><span data-alt=\"\"><\/span><\/a><\/div><div class=\"rsContent\"><a class=\"rsImg\" data-rsw=\"869\" data-rsh=\"1320\" href=\"https:\/\/swiss-watch-passport.ch\/wp-content\/uploads\/2023\/08\/HeritageChronometerCon0010804083321-scaled.jpg\"><span data-alt=\"\"><\/span><\/a><\/div><div class=\"rsContent\"><a class=\"rsImg\" data-rsw=\"869\" data-rsh=\"1320\" href=\"https:\/\/swiss-watch-passport.ch\/wp-content\/uploads\/2023\/08\/Heritage-Chronometer-Celebration-scaled.jpg\"><span data-alt=\"\"><\/span><\/a><\/div><div class=\"rsContent\"><a class=\"rsImg\" data-rsw=\"869\" data-rsh=\"1320\" href=\"https:\/\/swiss-watch-passport.ch\/wp-content\/uploads\/2023\/08\/HeritageChronometerCon0010804081321-scaled.jpg\"><span data-alt=\"\"><\/span><\/a><\/div><\/div><img decoding=\"async\" src=\"https:\/\/swiss-watch-passport.ch\/wp-content\/uploads\/2023\/08\/Heritage-Chronometern-0010804031321-scaled.jpg\" width=\"869\" height=\"1320\" alt loading=\"lazy\"><\/div><div class=\"w-slider-json\" onclick='return {&quot;autoScaleSlider&quot;:true,&quot;addActiveClass&quot;:true,&quot;loop&quot;:true,&quot;fadeInLoadedSlide&quot;:false,&quot;slidesSpacing&quot;:0,&quot;imageScalePadding&quot;:0,&quot;numImagesToPreload&quot;:2,&quot;arrowsNav&quot;:true,&quot;arrowsNavAutoHide&quot;:false,&quot;transitionType&quot;:&quot;move&quot;,&quot;transitionSpeed&quot;:150,&quot;block&quot;:{&quot;moveEffect&quot;:&quot;none&quot;,&quot;speed&quot;:300},&quot;thumbs&quot;:{&quot;fitInViewport&quot;:false,&quot;firstMargin&quot;:false,&quot;spacing&quot;:4},&quot;controlNavigation&quot;:&quot;bullets&quot;,&quot;autoScaleSliderWidth&quot;:869,&quot;autoScaleSliderHeight&quot;:1320}'><\/div><\/div><\/div><\/div><\/div><\/div><\/div><\/section><section class=\"l-section wpb_row height_small\"><div class=\"l-section-h i-cf\"><div class=\"g-cols vc_row via_flex valign_top type_default stacking_default\"><div class=\"vc_col-sm-6 wpb_column vc_column_container\"><div class=\"vc_column-inner\"><div class=\"wpb_wrapper\"><div class=\"w-popup w-btn-wrapper align_none\"><button class=\"w-popup-trigger type_btn w-btn us-btn-style_1\" aria-label=\"About Carl F. Bucherer\" type=\"button\"><span class=\"w-btn-label\">About Carl F. Bucherer<\/span><\/button><div class=\"w-popup-overlay\" style=\"background:rgba(0,0,0,0.85);\"><\/div><div class=\"w-popup-wrap layout_default\" role=\"dialog\" aria-modal=\"true\" aria-label=\"Popup\" style=\"--title-color:var(--color-content-heading);--title-bg-color:var(--color-content-bg-alt);--content-color:var(--color-content-text);--content-bg-color:var(--color-content-bg);--popup-width:600px;--popup-padding:5%;\"><button aria-label=\"Close\" class=\"w-popup-closer\" type=\"button\"><\/button><div class=\"w-popup-box animation_fadeIn closerpos_outside with_title\"><div class=\"w-popup-box-h\"><div class=\"w-popup-box-title\">About Carl F. Bucherer<\/div><div class=\"w-popup-box-content\"><p>Carl F. Bucherer cr\u00e9e des montres depuis 1888 et est reconnue dans le monde entier pour sa qualit\u00e9, ses innovations et son esprit pionnier. CFB est l\u2019une des rares manufactures horlog\u00e8res suisses ind\u00e9pendantes toujours dirig\u00e9e par la famille qui l\u2019a fond\u00e9e: J\u00f6rg G. Bucherer, appartenant \u00e0 la troisi\u00e8me g\u00e9n\u00e9ration, est aujourd\u2019hui \u00e0 la t\u00eate de l\u2019entreprise. Les montres de la marque continuent d\u2019\u00e9voluer en alliant un style contemporain, des mat\u00e9riaux de pointe, une pr\u00e9cision absolue et une fonctionnalit\u00e9 exceptionnelle.<\/p>\n<p>Chaque garde-temps est conceptualis\u00e9, d\u00e9velopp\u00e9 et assembl\u00e9 \u00e0 la main dans ses propres locaux en Suisse. De nombreuses montres sont anim\u00e9es par les mouvements propres \u00e0 CFB, et toutes sont con\u00e7ues et fabriqu\u00e9es enti\u00e8rement en interne. La marque est \u00e9galement le leader du march\u00e9 dans le domaine de la technologie p\u00e9riph\u00e9rique et a brevet\u00e9 non seulement un m\u00e9canisme de remontage p\u00e9riph\u00e9rique, mais aussi un tourbillon suspendu dans une cage guid\u00e9e en p\u00e9riph\u00e9rie et une r\u00e9p\u00e9tition minutes avec un r\u00e9gulateur guid\u00e9 en p\u00e9riph\u00e9rie.<\/p>\n<p>Depuis ses d\u00e9buts, CFB s\u2019est tourn\u00e9e vers le monde et a toujours voulu aller de l\u2019avant en explorant le temps \u00e0 travers les perspectives des aficionados de l\u2019horlogerie du monde entier. Aujourd\u2019hui, l\u2019entreprise met en valeur son savoir-faire, affin\u00e9 au fil des g\u00e9n\u00e9rations, par son importante pr\u00e9sence commerciale sur quatre continents. Ce r\u00e9seau international permet de rappeler en permanence au monde ce qui rend l\u2019art horloger suisse si unique.<\/p>\n<p>Carl F. Bucherer, Exploring Time<\/p>\n<\/div><\/div><\/div><\/div><\/div><\/div><\/div><\/div><div class=\"vc_col-sm-6 wpb_column vc_column_container\"><div class=\"vc_column-inner\"><div class=\"wpb_wrapper\"><div class=\"w-btn-wrapper align_none\"><a class=\"w-btn us-btn-style_1\" target=\"_blank\" href=\"https:\/\/www.carl-f-bucherer.com\/fr\"><span class=\"w-btn-label\">Carl F. Bucherer (Official)<\/span><\/a><\/div><\/div><\/div><\/div><\/div><\/div><\/section>\n","protected":false},"excerpt":{"rendered":"Progressive spirit: presenting the heritage chronometer celebration, a revival of a retro-futuristic watch that helped catapult Carl F. Bucherer into the modern age&#8230; Une s\u00e9lection de Shaniah Asha Gibson \/ @TRP, Public Relations Cabinet Insta\u00a0|\u00a0Linkedin\u00a0|\u00a0Facebook\u00a0|\u00a0Insta JSH\u00a0|\u00a0Insta SWP\u00a0|\u00a0S\u2019abonner \u00e0 JSH The 1960s represented a modern awakening\u2013a revolution in fashion, technology, and culture. For Carl F. Bucherer,...","protected":false},"author":67,"featured_media":26419,"comment_status":"closed","ping_status":"closed","sticky":false,"template":"","format":"standard","meta":{"_acf_changed":false,"footnotes":""},"categories":[3565,3594,3600],"tags":[],"class_list":["post-26473","post","type-post","status-publish","format-standard","has-post-thumbnail","hentry","category-1010-10h10-10past10","category-models-collections","category-pr-releases"],"acf":[],"yoast_head":"<!-- This site is optimized with the Yoast SEO plugin v27.3 - https:\/\/yoast.com\/product\/yoast-seo-wordpress\/ -->\n<title>Carl F. Bucherer: &quot;Heritage Chronometer Celebration&quot; - Watch Passports by JSH\u00ae<\/title>\n<meta name=\"robots\" content=\"index, follow, max-snippet:-1, max-image-preview:large, max-video-preview:-1\" \/>\n<link rel=\"canonical\" href=\"https:\/\/swiss-watch-passport.ch\/en\/carl-f-bucherer-heritage-chronometer-celebration\/\" \/>\n<meta property=\"og:locale\" content=\"en_US\" \/>\n<meta property=\"og:type\" content=\"article\" \/>\n<meta property=\"og:title\" content=\"Carl F. Bucherer: &quot;Heritage Chronometer Celebration&quot; - Watch Passports by JSH\u00ae\" \/>\n<meta property=\"og:url\" content=\"https:\/\/swiss-watch-passport.ch\/en\/carl-f-bucherer-heritage-chronometer-celebration\/\" \/>\n<meta property=\"og:site_name\" content=\"Watch Passports by JSH\u00ae\" \/>\n<meta property=\"article:author\" content=\"https:\/\/www.facebook.com\/shaniah.gibson\" \/>\n<meta property=\"article:published_time\" content=\"2023-08-17T14:16:17+00:00\" \/>\n<meta property=\"article:modified_time\" content=\"2023-08-17T22:11:15+00:00\" \/>\n<meta property=\"og:image\" content=\"https:\/\/swiss-watch-passport.ch\/wp-content\/uploads\/2023\/08\/Heritage-Chronometertion-Mood-2gold-scaled-e1692280580652.jpg\" \/>\n\t<meta property=\"og:image:width\" content=\"1320\" \/>\n\t<meta property=\"og:image:height\" content=\"880\" \/>\n\t<meta property=\"og:image:type\" content=\"image\/jpeg\" \/>\n<meta name=\"author\" content=\"Asha Shaniah Gibson\" \/>\n<meta name=\"twitter:card\" content=\"summary_large_image\" \/>\n<meta name=\"twitter:label1\" content=\"Written by\" \/>\n\t<meta name=\"twitter:data1\" content=\"Asha Shaniah Gibson\" \/>\n\t<meta name=\"twitter:label2\" content=\"Est. reading time\" \/>\n\t<meta name=\"twitter:data2\" content=\"4 minutes\" \/>\n<script type=\"application\/ld+json\" class=\"yoast-schema-graph\">{\"@context\":\"https:\\\/\\\/schema.org\",\"@graph\":[{\"@type\":\"Article\",\"@id\":\"https:\\\/\\\/swiss-watch-passport.ch\\\/en\\\/carl-f-bucherer-heritage-chronometer-celebration\\\/#article\",\"isPartOf\":{\"@id\":\"https:\\\/\\\/swiss-watch-passport.ch\\\/en\\\/carl-f-bucherer-heritage-chronometer-celebration\\\/\"},\"author\":{\"name\":\"Asha Shaniah Gibson\",\"@id\":\"https:\\\/\\\/swiss-watch-passport.ch\\\/en\\\/#\\\/schema\\\/person\\\/d31abfe9b9109a633320b5f8e9432a3a\"},\"headline\":\"Carl F. Bucherer: &#8220;Heritage Chronometer Celebration&#8221;\",\"datePublished\":\"2023-08-17T14:16:17+00:00\",\"dateModified\":\"2023-08-17T22:11:15+00:00\",\"mainEntityOfPage\":{\"@id\":\"https:\\\/\\\/swiss-watch-passport.ch\\\/en\\\/carl-f-bucherer-heritage-chronometer-celebration\\\/\"},\"wordCount\":986,\"image\":{\"@id\":\"https:\\\/\\\/swiss-watch-passport.ch\\\/en\\\/carl-f-bucherer-heritage-chronometer-celebration\\\/#primaryimage\"},\"thumbnailUrl\":\"https:\\\/\\\/swiss-watch-passport.ch\\\/wp-content\\\/uploads\\\/2023\\\/08\\\/Heritage-Chronometertion-Mood-2gold-scaled-e1692280580652.jpg\",\"articleSection\":[\"10:10\",\"MODELS &amp; COLLECTIONS\",\"PRESS REL.\"],\"inLanguage\":\"en-US\"},{\"@type\":\"WebPage\",\"@id\":\"https:\\\/\\\/swiss-watch-passport.ch\\\/en\\\/carl-f-bucherer-heritage-chronometer-celebration\\\/\",\"url\":\"https:\\\/\\\/swiss-watch-passport.ch\\\/en\\\/carl-f-bucherer-heritage-chronometer-celebration\\\/\",\"name\":\"Carl F. Bucherer: \\\"Heritage Chronometer Celebration\\\" - Watch Passports by JSH\u00ae\",\"isPartOf\":{\"@id\":\"https:\\\/\\\/swiss-watch-passport.ch\\\/en\\\/#website\"},\"primaryImageOfPage\":{\"@id\":\"https:\\\/\\\/swiss-watch-passport.ch\\\/en\\\/carl-f-bucherer-heritage-chronometer-celebration\\\/#primaryimage\"},\"image\":{\"@id\":\"https:\\\/\\\/swiss-watch-passport.ch\\\/en\\\/carl-f-bucherer-heritage-chronometer-celebration\\\/#primaryimage\"},\"thumbnailUrl\":\"https:\\\/\\\/swiss-watch-passport.ch\\\/wp-content\\\/uploads\\\/2023\\\/08\\\/Heritage-Chronometertion-Mood-2gold-scaled-e1692280580652.jpg\",\"datePublished\":\"2023-08-17T14:16:17+00:00\",\"dateModified\":\"2023-08-17T22:11:15+00:00\",\"author\":{\"@id\":\"https:\\\/\\\/swiss-watch-passport.ch\\\/en\\\/#\\\/schema\\\/person\\\/d31abfe9b9109a633320b5f8e9432a3a\"},\"breadcrumb\":{\"@id\":\"https:\\\/\\\/swiss-watch-passport.ch\\\/en\\\/carl-f-bucherer-heritage-chronometer-celebration\\\/#breadcrumb\"},\"inLanguage\":\"en-US\",\"potentialAction\":[{\"@type\":\"ReadAction\",\"target\":[\"https:\\\/\\\/swiss-watch-passport.ch\\\/en\\\/carl-f-bucherer-heritage-chronometer-celebration\\\/\"]}]},{\"@type\":\"ImageObject\",\"inLanguage\":\"en-US\",\"@id\":\"https:\\\/\\\/swiss-watch-passport.ch\\\/en\\\/carl-f-bucherer-heritage-chronometer-celebration\\\/#primaryimage\",\"url\":\"https:\\\/\\\/swiss-watch-passport.ch\\\/wp-content\\\/uploads\\\/2023\\\/08\\\/Heritage-Chronometertion-Mood-2gold-scaled-e1692280580652.jpg\",\"contentUrl\":\"https:\\\/\\\/swiss-watch-passport.ch\\\/wp-content\\\/uploads\\\/2023\\\/08\\\/Heritage-Chronometertion-Mood-2gold-scaled-e1692280580652.jpg\",\"width\":1320,\"height\":880},{\"@type\":\"BreadcrumbList\",\"@id\":\"https:\\\/\\\/swiss-watch-passport.ch\\\/en\\\/carl-f-bucherer-heritage-chronometer-celebration\\\/#breadcrumb\",\"itemListElement\":[{\"@type\":\"ListItem\",\"position\":1,\"name\":\"Accueil\",\"item\":\"https:\\\/\\\/swiss-watch-passport.ch\\\/en\\\/\"},{\"@type\":\"ListItem\",\"position\":2,\"name\":\"Carl F. Bucherer: &#8220;Heritage Chronometer Celebration&#8221;\"}]},{\"@type\":\"WebSite\",\"@id\":\"https:\\\/\\\/swiss-watch-passport.ch\\\/en\\\/#website\",\"url\":\"https:\\\/\\\/swiss-watch-passport.ch\\\/en\\\/\",\"name\":\"Watch Passports by JSH\u00ae\",\"description\":\"JSH\u00ae spirit, L&#039;esprit du Journal Suisse d&#039;Horlogerie, le plus ancien m\u00e9dia horloger fond\u00e9 en 1876\",\"potentialAction\":[{\"@type\":\"SearchAction\",\"target\":{\"@type\":\"EntryPoint\",\"urlTemplate\":\"https:\\\/\\\/swiss-watch-passport.ch\\\/en\\\/?s={search_term_string}\"},\"query-input\":{\"@type\":\"PropertyValueSpecification\",\"valueRequired\":true,\"valueName\":\"search_term_string\"}}],\"inLanguage\":\"en-US\"},{\"@type\":\"Person\",\"@id\":\"https:\\\/\\\/swiss-watch-passport.ch\\\/en\\\/#\\\/schema\\\/person\\\/d31abfe9b9109a633320b5f8e9432a3a\",\"name\":\"Asha Shaniah Gibson\",\"image\":{\"@type\":\"ImageObject\",\"inLanguage\":\"en-US\",\"@id\":\"https:\\\/\\\/secure.gravatar.com\\\/avatar\\\/a2c82d4ae15bf140c615fef3e36f3e7df683b55899df6da364c19d9c0b454149?s=96&d=mm&r=g\",\"url\":\"https:\\\/\\\/secure.gravatar.com\\\/avatar\\\/a2c82d4ae15bf140c615fef3e36f3e7df683b55899df6da364c19d9c0b454149?s=96&d=mm&r=g\",\"contentUrl\":\"https:\\\/\\\/secure.gravatar.com\\\/avatar\\\/a2c82d4ae15bf140c615fef3e36f3e7df683b55899df6da364c19d9c0b454149?s=96&d=mm&r=g\",\"caption\":\"Asha Shaniah Gibson\"},\"description\":\"As Swiss Watch Passport's translation supervisor, Shaniah Asha Gibson is the co-founding president of St-LuSwiss (a Swiss organisation for the promotion of the Caribbean island of Saint Lucia). She provides her non-profit organisation's translation services to Swiss Watch Passport magazine (by JSH) and to the public relations agency @TRP (Textes et Relations, Production).\",\"sameAs\":[\"http:\\\/\\\/stluswiss.simplesite.com\\\/\",\"https:\\\/\\\/www.facebook.com\\\/shaniah.gibson\",\"https:\\\/\\\/www.instagram.com\\\/shaniahgibson\\\/\",\"https:\\\/\\\/www.linkedin.com\\\/in\\\/shaniah-gibson-28ab98177\\\/\"],\"url\":\"https:\\\/\\\/swiss-watch-passport.ch\\\/en\\\/author\\\/asha-therightplace\\\/\"}]}<\/script>\n<!-- \/ Yoast SEO plugin. -->","yoast_head_json":{"title":"Carl F. Bucherer: \"Heritage Chronometer Celebration\" - Watch Passports by JSH\u00ae","robots":{"index":"index","follow":"follow","max-snippet":"max-snippet:-1","max-image-preview":"max-image-preview:large","max-video-preview":"max-video-preview:-1"},"canonical":"https:\/\/swiss-watch-passport.ch\/en\/carl-f-bucherer-heritage-chronometer-celebration\/","og_locale":"en_US","og_type":"article","og_title":"Carl F. Bucherer: \"Heritage Chronometer Celebration\" - Watch Passports by JSH\u00ae","og_url":"https:\/\/swiss-watch-passport.ch\/en\/carl-f-bucherer-heritage-chronometer-celebration\/","og_site_name":"Watch Passports by JSH\u00ae","article_author":"https:\/\/www.facebook.com\/shaniah.gibson","article_published_time":"2023-08-17T14:16:17+00:00","article_modified_time":"2023-08-17T22:11:15+00:00","og_image":[{"width":1320,"height":880,"url":"https:\/\/swiss-watch-passport.ch\/wp-content\/uploads\/2023\/08\/Heritage-Chronometertion-Mood-2gold-scaled-e1692280580652.jpg","type":"image\/jpeg"}],"author":"Asha Shaniah Gibson","twitter_card":"summary_large_image","twitter_misc":{"Written by":"Asha Shaniah Gibson","Est. reading time":"4 minutes"},"schema":{"@context":"https:\/\/schema.org","@graph":[{"@type":"Article","@id":"https:\/\/swiss-watch-passport.ch\/en\/carl-f-bucherer-heritage-chronometer-celebration\/#article","isPartOf":{"@id":"https:\/\/swiss-watch-passport.ch\/en\/carl-f-bucherer-heritage-chronometer-celebration\/"},"author":{"name":"Asha Shaniah Gibson","@id":"https:\/\/swiss-watch-passport.ch\/en\/#\/schema\/person\/d31abfe9b9109a633320b5f8e9432a3a"},"headline":"Carl F. Bucherer: &#8220;Heritage Chronometer Celebration&#8221;","datePublished":"2023-08-17T14:16:17+00:00","dateModified":"2023-08-17T22:11:15+00:00","mainEntityOfPage":{"@id":"https:\/\/swiss-watch-passport.ch\/en\/carl-f-bucherer-heritage-chronometer-celebration\/"},"wordCount":986,"image":{"@id":"https:\/\/swiss-watch-passport.ch\/en\/carl-f-bucherer-heritage-chronometer-celebration\/#primaryimage"},"thumbnailUrl":"https:\/\/swiss-watch-passport.ch\/wp-content\/uploads\/2023\/08\/Heritage-Chronometertion-Mood-2gold-scaled-e1692280580652.jpg","articleSection":["10:10","MODELS &amp; COLLECTIONS","PRESS REL."],"inLanguage":"en-US"},{"@type":"WebPage","@id":"https:\/\/swiss-watch-passport.ch\/en\/carl-f-bucherer-heritage-chronometer-celebration\/","url":"https:\/\/swiss-watch-passport.ch\/en\/carl-f-bucherer-heritage-chronometer-celebration\/","name":"Carl F. Bucherer: \"Heritage Chronometer Celebration\" - Watch Passports by JSH\u00ae","isPartOf":{"@id":"https:\/\/swiss-watch-passport.ch\/en\/#website"},"primaryImageOfPage":{"@id":"https:\/\/swiss-watch-passport.ch\/en\/carl-f-bucherer-heritage-chronometer-celebration\/#primaryimage"},"image":{"@id":"https:\/\/swiss-watch-passport.ch\/en\/carl-f-bucherer-heritage-chronometer-celebration\/#primaryimage"},"thumbnailUrl":"https:\/\/swiss-watch-passport.ch\/wp-content\/uploads\/2023\/08\/Heritage-Chronometertion-Mood-2gold-scaled-e1692280580652.jpg","datePublished":"2023-08-17T14:16:17+00:00","dateModified":"2023-08-17T22:11:15+00:00","author":{"@id":"https:\/\/swiss-watch-passport.ch\/en\/#\/schema\/person\/d31abfe9b9109a633320b5f8e9432a3a"},"breadcrumb":{"@id":"https:\/\/swiss-watch-passport.ch\/en\/carl-f-bucherer-heritage-chronometer-celebration\/#breadcrumb"},"inLanguage":"en-US","potentialAction":[{"@type":"ReadAction","target":["https:\/\/swiss-watch-passport.ch\/en\/carl-f-bucherer-heritage-chronometer-celebration\/"]}]},{"@type":"ImageObject","inLanguage":"en-US","@id":"https:\/\/swiss-watch-passport.ch\/en\/carl-f-bucherer-heritage-chronometer-celebration\/#primaryimage","url":"https:\/\/swiss-watch-passport.ch\/wp-content\/uploads\/2023\/08\/Heritage-Chronometertion-Mood-2gold-scaled-e1692280580652.jpg","contentUrl":"https:\/\/swiss-watch-passport.ch\/wp-content\/uploads\/2023\/08\/Heritage-Chronometertion-Mood-2gold-scaled-e1692280580652.jpg","width":1320,"height":880},{"@type":"BreadcrumbList","@id":"https:\/\/swiss-watch-passport.ch\/en\/carl-f-bucherer-heritage-chronometer-celebration\/#breadcrumb","itemListElement":[{"@type":"ListItem","position":1,"name":"Accueil","item":"https:\/\/swiss-watch-passport.ch\/en\/"},{"@type":"ListItem","position":2,"name":"Carl F. Bucherer: &#8220;Heritage Chronometer Celebration&#8221;"}]},{"@type":"WebSite","@id":"https:\/\/swiss-watch-passport.ch\/en\/#website","url":"https:\/\/swiss-watch-passport.ch\/en\/","name":"Watch Passports by JSH\u00ae","description":"JSH\u00ae spirit, L&#039;esprit du Journal Suisse d&#039;Horlogerie, le plus ancien m\u00e9dia horloger fond\u00e9 en 1876","potentialAction":[{"@type":"SearchAction","target":{"@type":"EntryPoint","urlTemplate":"https:\/\/swiss-watch-passport.ch\/en\/?s={search_term_string}"},"query-input":{"@type":"PropertyValueSpecification","valueRequired":true,"valueName":"search_term_string"}}],"inLanguage":"en-US"},{"@type":"Person","@id":"https:\/\/swiss-watch-passport.ch\/en\/#\/schema\/person\/d31abfe9b9109a633320b5f8e9432a3a","name":"Asha Shaniah Gibson","image":{"@type":"ImageObject","inLanguage":"en-US","@id":"https:\/\/secure.gravatar.com\/avatar\/a2c82d4ae15bf140c615fef3e36f3e7df683b55899df6da364c19d9c0b454149?s=96&d=mm&r=g","url":"https:\/\/secure.gravatar.com\/avatar\/a2c82d4ae15bf140c615fef3e36f3e7df683b55899df6da364c19d9c0b454149?s=96&d=mm&r=g","contentUrl":"https:\/\/secure.gravatar.com\/avatar\/a2c82d4ae15bf140c615fef3e36f3e7df683b55899df6da364c19d9c0b454149?s=96&d=mm&r=g","caption":"Asha Shaniah Gibson"},"description":"As Swiss Watch Passport's translation supervisor, Shaniah Asha Gibson is the co-founding president of St-LuSwiss (a Swiss organisation for the promotion of the Caribbean island of Saint Lucia). She provides her non-profit organisation's translation services to Swiss Watch Passport magazine (by JSH) and to the public relations agency @TRP (Textes et Relations, Production).","sameAs":["http:\/\/stluswiss.simplesite.com\/","https:\/\/www.facebook.com\/shaniah.gibson","https:\/\/www.instagram.com\/shaniahgibson\/","https:\/\/www.linkedin.com\/in\/shaniah-gibson-28ab98177\/"],"url":"https:\/\/swiss-watch-passport.ch\/en\/author\/asha-therightplace\/"}]}},"_links":{"self":[{"href":"https:\/\/swiss-watch-passport.ch\/en\/wp-json\/wp\/v2\/posts\/26473","targetHints":{"allow":["GET"]}}],"collection":[{"href":"https:\/\/swiss-watch-passport.ch\/en\/wp-json\/wp\/v2\/posts"}],"about":[{"href":"https:\/\/swiss-watch-passport.ch\/en\/wp-json\/wp\/v2\/types\/post"}],"author":[{"embeddable":true,"href":"https:\/\/swiss-watch-passport.ch\/en\/wp-json\/wp\/v2\/users\/67"}],"replies":[{"embeddable":true,"href":"https:\/\/swiss-watch-passport.ch\/en\/wp-json\/wp\/v2\/comments?post=26473"}],"version-history":[{"count":0,"href":"https:\/\/swiss-watch-passport.ch\/en\/wp-json\/wp\/v2\/posts\/26473\/revisions"}],"wp:featuredmedia":[{"embeddable":true,"href":"https:\/\/swiss-watch-passport.ch\/en\/wp-json\/wp\/v2\/media\/26419"}],"wp:attachment":[{"href":"https:\/\/swiss-watch-passport.ch\/en\/wp-json\/wp\/v2\/media?parent=26473"}],"wp:term":[{"taxonomy":"category","embeddable":true,"href":"https:\/\/swiss-watch-passport.ch\/en\/wp-json\/wp\/v2\/categories?post=26473"},{"taxonomy":"post_tag","embeddable":true,"href":"https:\/\/swiss-watch-passport.ch\/en\/wp-json\/wp\/v2\/tags?post=26473"}],"curies":[{"name":"wp","href":"https:\/\/api.w.org\/{rel}","templated":true}]}}